{"id":2189,"date":"2021-10-06T14:22:12","date_gmt":"2021-10-06T12:22:12","guid":{"rendered":"https:\/\/dotykykrasy.sk\/?p=2189"},"modified":"2021-10-06T15:36:57","modified_gmt":"2021-10-06T13:36:57","slug":"jesenne-kozmeticke-tipy","status":"publish","type":"post","link":"https:\/\/dotykykrasy.sk\/?p=2189","title":{"rendered":"Jesenn\u00e9 kozmetick\u00e9 tipy"},"content":{"rendered":"<div class=\"wpb-content-wrapper\"><p>[vc_row full_width=&#8221;stretch_row&#8221;][vc_column][vc_column_text]<\/p>\r\n<div class=\"wp-block-group\"><div class=\"wp-block-group__inner-container\">\r\n<div class=\"wp-block-group__inner-container is-layout-flow wp-block-group-is-layout-flow\">\r\n<div class=\"wp-block-group\">\r\n<div class=\"wp-block-group__inner-container is-layout-flow wp-block-group-is-layout-flow\">\r\n<p class=\"has-text-align-left\" style=\"text-align: left;\">S jese\u0148ou neprich\u00e1dzaj\u00fa len nov\u00e9 m\u00f3dne kolekcie. Objavuj\u00fa sa aj nov\u00e9 pr\u00edstupy v starostlivosti o ple\u0165, nov\u00e9 alebo \u010doraz \u010dastej\u0161ie vyu\u017e\u00edvan\u00e9 kozmetick\u00e9 l\u00e1tky, ale napr\u00edklad aj pr\u00edjemn\u00e9 spestrenie, ktor\u00e1 by sme si nemali necha\u0165 ujs\u0165. Po\u010fme sa teda pozrie\u0165 na tie, ktor\u00e9 maj\u00fa skuto\u010dne zmysel a m\u00e1 v\u00fdznam sa na nich zamera\u0165. Jese\u0148 toti\u017e bude hl\u00e1sa\u0165 dokonal\u00fd look a\u00a0kr\u00e1su.<\/p>\r\n<p><\/p>\r\n<\/div>\r\n<\/div>\r\n<p><\/p>\r\n<\/div>\r\n<\/div><\/div>\r\n\r\n<p>&nbsp;<\/p>\r\n\r\n<div class=\"wp-block-media-text alignwide is-stacked-on-mobile is-vertically-aligned-top\" style=\"grid-template-columns: 40% auto;\">\r\n<figure class=\"wp-block-media-text__media\"><img width=\"576\" height=\"1024\" class=\"wp-image-2190 size-full\" src=\"https:\/\/dotykykrasy.sk\/wp-content\/uploads\/2021\/10\/891922-1-576x1024.jpg\" alt=\"\" srcset=\"https:\/\/dotykykrasy.sk\/wp-content\/uploads\/2021\/10\/891922-1-576x1024.jpg 576w, https:\/\/dotykykrasy.sk\/wp-content\/uploads\/2021\/10\/891922-1-169x300.jpg 169w, https:\/\/dotykykrasy.sk\/wp-content\/uploads\/2021\/10\/891922-1-768x1365.jpg 768w, https:\/\/dotykykrasy.sk\/wp-content\/uploads\/2021\/10\/891922-1-864x1536.jpg 864w, https:\/\/dotykykrasy.sk\/wp-content\/uploads\/2021\/10\/891922-1-rotated.jpg 1080w\" sizes=\"(max-width: 576px) 100vw, 576px\" \/><\/figure>\r\n<div class=\"wp-block-media-text__content\">\r\n<p><strong>Jesenn\u00e1 prirodzenos\u0165 a\u00a0bezchybnos\u0165<\/strong><\/p>\r\n\r\n<p>Jese\u0148 sa na rozdiel od leta nenesie v znamen\u00ed &#8220;nude make-up&#8221;, a tak sa op\u00e4\u0165 vracia aj hutnej\u0161ie l\u00ed\u010denie. Prirodzenos\u0165 a dokonalos\u0165 si ale ponech\u00e1va aj toto ro\u010dn\u00e9 obdobie a tak z\u00e1kladom bude zdrav\u00e1 ple\u0165 bez zn\u00e1mok nedokonalost\u00ed. Dosiahnutie bezchybn\u00e9ho vzh\u013eadu pleti je ale \u010dasto n\u00e1ro\u010dn\u00e1 \u00faloha. Je potrebn\u00e9 pou\u017e\u00edva\u0165 spr\u00e1vnu kozmetiku zodpovedaj\u00face n\u00e1\u0161mu veku i typu pleti, pr\u00edpravky pr\u00edli\u0161 nekombinova\u0165 a nepou\u017e\u00edva\u0165 ich ani nadmern\u00e9 mno\u017estvo. Naopak, na \u010do treba myslie\u0165 v\u017edy a na prvom mieste, je spr\u00e1vne odl\u00ed\u010denie a \u010distenie pleti, ktor\u00e9 je potrebn\u00e9 vykon\u00e1va\u0165 v\u017edy ve\u010der a r\u00e1no, a to aj v situ\u00e1ci\u00e1ch, kedy sme unaven\u00ed a nem\u00e1me takmer silu d\u00f4js\u0165 do k\u00fape\u013ene. Ak navy\u0161e trp\u00edme probl\u00e9mami s ple\u0165ou, je potrebn\u00e9 na d\u00f4kladn\u00fa starostlivos\u0165 myslie\u0165 e\u0161te viac. Napr\u00edklad aj tak, \u017ee pre chladn\u00e9 obdobie do na\u0161ej kozmetickej v\u00fdbavy zarad\u00edme bari\u00e9rov\u00e9 \u200b\u200bpr\u00edpravky (napr. rada 2DERM), ktor\u00e9 umo\u017enia ako \u0161etrn\u00e9 \u010distenie pleti (Duobase), tak jej o\u0161etrenie (Reha special, Transparent, Colour). Prirodzenos\u0165 a bezchybnos\u0165 pleti sa tak m\u00f4\u017ee sta\u0165 samozrejmos\u0165ou ka\u017ed\u00e9ho z n\u00e1s. Nestoj\u00ed za \u0148ou toti\u017e drah\u00e9 l\u00ed\u010didl\u00e1 svetozn\u00e1mych zna\u010diek, ale naopak ka\u017edodenn\u00e1 spr\u00e1vna starostlivos\u0165 kr\u00f4\u010dik po kr\u00f4\u010diku. Pochopite\u013ene, nutnos\u0165ou je pou\u017e\u00edva\u0165 zodpovedaj\u00face kozmetick\u00e9 pr\u00edpravky dlhodobo a nie len n\u00e1razovo v domnienke, \u017ee za p\u00e1r dn\u00ed, alebo t\u00fd\u017ed\u0148ov bude na\u0161a ple\u0165 presne tak\u00e1, ako \u010dak\u00e1me. Ni\u010d toti\u017e nejde bez pr\u00e1ce a u\u017e v\u00f4bec nie na\u0161e kr\u00e1sa.<\/p>\r\n<p><\/p>\r\n<\/div>\r\n<\/div>\r\n\r\n<p>&nbsp;<\/p>\r\n\r\n<div class=\"wp-block-group\">\r\n<div class=\"wp-block-group__inner-container is-layout-flow wp-block-group-is-layout-flow\">\r\n<p><strong>Drah\u00e9 kovy v\u00a0kozmetike<\/strong><\/p>\r\n<p>Drah\u00e9 kovy sa v posledn\u00fdch nieko\u013ek\u00fdch rokoch st\u00e1vaj\u00fa s\u00fa\u010das\u0165ou modernej kozmetol\u00f3gie. Tento rok v\u0161ak bud\u00fa priamo aj trendy aktu\u00e1lnej jesene. In tak rozhodne bud\u00fa pr\u00edpravky obsahuj\u00face napr\u00edklad koloidn\u00e9 zlato, striebro alebo platinu, ale aj 24-kar\u00e1tov\u00e9 alebo mikropr\u00e1\u0161kov\u00e9 zlato, alebo dokonca diamantov\u00fd pr\u00e1\u0161ok. K tomu v\u0161etk\u00e9mu navy\u0161e dokonale podpor\u00edte stav a kr\u00e1su va\u0161ej pleti, preto\u017ee pr\u00e1ve tieto \u00fa\u010dinn\u00e9 l\u00e1tky maj\u00fa skvel\u00e9 anti-age a antioxida\u010dn\u00e9 \u00fa\u010dinky, pom\u00e1haj\u00fa s ochranou pleti alebo v kombin\u00e1cii s \u010fal\u0161\u00edmi \u00fa\u010dinn\u00fdmi l\u00e1tkami napom\u00e1haj\u00fa k obnove elasticity pleti, spoma\u013euj\u00fa jej starnutie a zlep\u0161uj\u00fa celkov\u00fd vzh\u013ead. Koloidn\u00e1 platina navy\u0161e priamo napom\u00e1ha k dosiahnutiu zamatov\u00e9ho vzh\u013eadu pleti, ktor\u00fd je tie\u017e aktu\u00e1lnym jesenn\u00fdm kozmetick\u00fdm trendom.<\/p>\r\n\r\n\r\n\r\n<figure class=\"wp-block-image is-resized\"><img class=\"wp-image-2192\" src=\"https:\/\/dotykykrasy.sk\/wp-content\/uploads\/2021\/10\/jesen-clanok-1024x705.jpg\" alt=\"\" width=\"724\" height=\"498\" srcset=\"https:\/\/dotykykrasy.sk\/wp-content\/uploads\/2021\/10\/jesen-clanok-1024x705.jpg 1024w, https:\/\/dotykykrasy.sk\/wp-content\/uploads\/2021\/10\/jesen-clanok-300x207.jpg 300w, https:\/\/dotykykrasy.sk\/wp-content\/uploads\/2021\/10\/jesen-clanok-768x529.jpg 768w, https:\/\/dotykykrasy.sk\/wp-content\/uploads\/2021\/10\/jesen-clanok.jpg 1189w\" sizes=\"(max-width: 724px) 100vw, 724px\" \/><\/figure>\r\n\r\n\r\n\r\n<div class=\"wp-block-columns are-vertically-aligned-top is-layout-flex wp-container-core-columns-is-layout-9d6595d7 wp-block-columns-is-layout-flex\">\r\n<div class=\"wp-block-column is-vertically-aligned-top is-layout-flow wp-block-column-is-layout-flow\" style=\"flex-basis: 100%;\">\r\n<p><strong>Diagnostika pleti<\/strong><\/p>\r\n\r\n<p>Kozmetick\u00e9 invaz\u00edvne proced\u00fary, ako bola napr\u00edklad aplik\u00e1cia botulotox\u00ednu, s\u00fa u\u017e pomaly minulos\u0165ou. Do popredia sa v\u0161ak dost\u00e1vaj\u00fa in\u00e9 slu\u017eby, ktor\u00e9 n\u00e1m m\u00f4\u017eu zabezpe\u010di\u0165 kvalitn\u00e9 kozmetick\u00fd sal\u00f3ny. Kozmeti\u010dka diagnostick\u00fdm o\u0161etren\u00edm m\u00f4\u017ee behom p\u00e1r min\u00fat pozna\u0165 presn\u00fd typ na\u0161ej pleti, ako na tom aktu\u00e1lne je, \u010do jej hroz\u00ed, ak\u00fd m\u00e1 predpokladan\u00fd v\u00fdvoj, ako si ju udr\u017ea\u0165 \u010do najdlh\u0161ie mladistv\u00fa, ale aj to, ako jej stav a\u00a0vzh\u013ead zlep\u0161i\u0165. Kvalitn\u00fd kozmetick\u00fd sal\u00f3n tie\u017e nielen odporu\u010d\u00ed vhodn\u00e9 pr\u00edpravky pre dom\u00e1cu starostlivos\u0165, ale porad\u00ed aj to, ako sa konkr\u00e9tne o ple\u0165 stara\u0165, ako pr\u00edpravky kombinova\u0165 a nan\u00e1\u0161a\u0165 a \u010di je potrebn\u00e9 zmeni\u0165 niektor\u00e9 na\u0161e zau\u017e\u00edvan\u00e9 zvyky. \u010casto sa toti\u017e st\u00e1va, \u017ee aj vo vy\u0161\u0161om veku \u017eijeme v domnienke, \u017ee ple\u0165 je napr\u00edklad mastn\u00e1, ale v skuto\u010dnosti to tak nemus\u00ed by\u0165, preto\u017ee na prv\u00fd poh\u013ead mastn\u00fd vzh\u013ead mohla sp\u00f4sobi\u0165 nevhodne zvolen\u00e1 kozmetika.<\/p>\r\n<p><\/p>\r\n<\/div>\r\n<p><\/p>\r\n<\/div>\r\n\r\n\r\n\r\n<div class=\"wp-block-media-text alignwide is-stacked-on-mobile is-vertically-aligned-top\" style=\"grid-template-columns: 36% auto;\">\r\n<figure class=\"wp-block-media-text__media\"><img width=\"544\" height=\"1024\" class=\"wp-image-2194 size-full\" src=\"https:\/\/dotykykrasy.sk\/wp-content\/uploads\/2021\/10\/maska-544x1024.jpg\" alt=\"\" srcset=\"https:\/\/dotykykrasy.sk\/wp-content\/uploads\/2021\/10\/maska-544x1024.jpg 544w, https:\/\/dotykykrasy.sk\/wp-content\/uploads\/2021\/10\/maska-159x300.jpg 159w, https:\/\/dotykykrasy.sk\/wp-content\/uploads\/2021\/10\/maska-rotated.jpg 636w\" sizes=\"(max-width: 544px) 100vw, 544px\" \/><\/figure>\r\n<div class=\"wp-block-media-text__content\">\r\n<p><strong>Masky na dom\u00e1cu starostlivos\u0165<\/strong><\/p>\r\n\r\n\r\n\r\n<div class=\"wp-block-columns are-vertically-aligned-top is-layout-flex wp-container-core-columns-is-layout-9d6595d7 wp-block-columns-is-layout-flex\">\r\n<div class=\"wp-block-column is-vertically-aligned-top is-layout-flow wp-block-column-is-layout-flow\" style=\"flex-basis: 100%;\">\r\n<p>Hitom jesene bude popri profesion\u00e1lnej sal\u00f3novej starostlivosti aj dom\u00e1ca starostlivos\u0165 o ple\u0165. Jednozna\u010dne tak p\u00f4jdu do popredia ple\u0165ov\u00e9 masky. Doba dom\u00e1cich ovocn\u00fdch a\u00a0zeleninov\u00fdch masiek pod\u013ea r\u00e1d z internetu je u\u017e na\u0161\u0165astie d\u00fafajme pre\u010d, a naopak, najm\u00e4 \u017eeny maj\u00fa teraz z\u00e1ujem da\u0165 svojej pleti to najlep\u0161ie. Po\u010das jesene by si tak mali dopria\u0165 (aspo\u0148 raz t\u00fd\u017edenne) niektor\u00fa z vy\u017eivuj\u00facich masiek ur\u010den\u00fa pre ich typ pleti. \u010ci u\u017e to bude hydrata\u010dn\u00e1 ,regenera\u010dn\u00e1, vitam\u00ednov\u00e1 \u010di napr\u00edklad miner\u00e1lna maska, v\u017edy bude pr\u00ednosom. Odmenou bude zjemnen\u00e1, hladk\u00e1 a svie\u017ea ple\u0165. Vysk\u00fa\u0161ajte jesenn\u00e9 kozmetick\u00e9 tipy a\u00a0vyu\u017eite ich napr\u00edklad k vylep\u0161eniu vlastn\u00fdch kozmetick\u00fdch n\u00e1vykov. Ak si toti\u017e raz navyknete na kr\u00e1snu, zdrav\u00fa a \u0161t\u00fdlov\u00fa ple\u0165, u\u017e nikdy nebudete chcie\u0165 in\u00fa.<\/p>\r\n<p><\/p>\r\n<\/div>\r\n<p><\/p>\r\n<\/div>\r\n<p><\/p>\r\n<\/div>\r\n<\/div>\r\n<p><\/p>\r\n<\/div>\r\n<\/div>\r\n\r\n<p>\u00a0<\/p>\r\n<p>[\/vc_column_text][\/vc_column][\/vc_row]<\/p><\/div>","protected":false},"excerpt":{"rendered":"<p>[vc_row full_width=&#8221;stretch_row&#8221;][vc_column][vc_column_text] S jese\u0148ou neprich\u00e1dzaj\u00fa len nov\u00e9 m\u00f3dne kolekcie. Objavuj\u00fa sa aj nov\u00e9 pr\u00edstupy v starostlivosti o ple\u0165, nov\u00e9 alebo&#8230;<\/p>\n","protected":false},"author":1,"featured_media":0,"comment_status":"open","ping_status":"open","sticky":false,"template":"","format":"standard","meta":{"footnotes":""},"categories":[1],"tags":[],"class_list":{"0":"post-2189","1":"post","2":"type-post","3":"status-publish","4":"format-standard","6":"category-starostlivost-o-plet"},"menu_order":0,"_links":{"self":[{"href":"https:\/\/dotykykrasy.sk\/index.php?rest_route=\/wp\/v2\/posts\/2189","targetHints":{"allow":["GET"]}}],"collection":[{"href":"https:\/\/dotykykrasy.sk\/index.php?rest_route=\/wp\/v2\/posts"}],"about":[{"href":"https:\/\/dotykykrasy.sk\/index.php?rest_route=\/wp\/v2\/types\/post"}],"author":[{"embeddable":true,"href":"https:\/\/dotykykrasy.sk\/index.php?rest_route=\/wp\/v2\/users\/1"}],"replies":[{"embeddable":true,"href":"https:\/\/dotykykrasy.sk\/index.php?rest_route=%2Fwp%2Fv2%2Fcomments&post=2189"}],"version-history":[{"count":10,"href":"https:\/\/dotykykrasy.sk\/index.php?rest_route=\/wp\/v2\/posts\/2189\/revisions"}],"predecessor-version":[{"id":2207,"href":"https:\/\/dotykykrasy.sk\/index.php?rest_route=\/wp\/v2\/posts\/2189\/revisions\/2207"}],"wp:attachment":[{"href":"https:\/\/dotykykrasy.sk\/index.php?rest_route=%2Fwp%2Fv2%2Fmedia&parent=2189"}],"wp:term":[{"taxonomy":"category","embeddable":true,"href":"https:\/\/dotykykrasy.sk\/index.php?rest_route=%2Fwp%2Fv2%2Fcategories&post=2189"},{"taxonomy":"post_tag","embeddable":true,"href":"https:\/\/dotykykrasy.sk\/index.php?rest_route=%2Fwp%2Fv2%2Ftags&post=2189"}],"curies":[{"name":"wp","href":"https:\/\/api.w.org\/{rel}","templated":true}]}}